{"id":177,"date":"2017-06-26T07:03:41","date_gmt":"2017-06-26T07:03:41","guid":{"rendered":"https:\/\/www.centroresidencialalmudena.com\/blog\/?p=177"},"modified":"2021-11-09T12:56:47","modified_gmt":"2021-11-09T12:56:47","slug":"conclusiones-precio-residencias-de-ancianos","status":"publish","type":"post","link":"https:\/\/www.centroresidencialalmudena.com\/blog\/conclusiones-precio-residencias-de-ancianos\/","title":{"rendered":"Conclusiones sobre el precio de las residencias de ancianos en Espa\u00f1a"},"content":{"rendered":"<p>Atender a una persona dependiente en una <em>residencia para personas mayores<\/em> es algo costoso, ya que implica un espacio adaptado, una forma de trabajar sofisticada y un equipo de profesionales extenso.<\/p>\n<p>Aun as\u00ed, no existe un precio \u00fanico. Diferentes tipos de <a href=\"https:\/\/www.centroresidencialalmudena.com\/\">residencias geri\u00e1tricas<\/a>\u00a0tienen diferentes tarifas de precio, en funci\u00f3n de la zona en la que se encuentran y el tipo de establecimiento residencial de que se trate y los servicios.<\/p>\n<p>Dejando de lado las residencias de tercera edad p\u00fablica y las plazas concertadas que tienen unos precios establecidos por la administraci\u00f3n, las residencias privadas han sufrido una evoluci\u00f3n desigual en los \u00faltimos a\u00f1os.<\/p>\n<p><u>El mercado de plazas residenciales estrictamente privadas oscila en torno a los 1.200 euros al mes<\/u>, incluso algunas llegando a superar los 1500 y 1800 euros. No obstante, siempre hay otras que ofrecen precios muchos m\u00e1s econ\u00f3micos entre 600 y 900, pero ofrece una calidad de atenci\u00f3n mucho menor. Hay que analizar esos aspectos a la hora de tomar una decisi\u00f3n final.<\/p>\n<p><img loading=\"lazy\" decoding=\"async\" class=\"aligncenter wp-image-180 size-full\" title=\"Precio de geri\u00e1tricos en M\u00e1laga\" src=\"https:\/\/www.centroresidencialalmudena.com\/blog\/wp-content\/uploads\/2017\/06\/residencias-geriatricas-malaga-precios.jpg\" alt=\"precio de las residencias de ancianos\" width=\"450\" height=\"300\" srcset=\"https:\/\/www.centroresidencialalmudena.com\/blog\/wp-content\/uploads\/2017\/06\/residencias-geriatricas-malaga-precios.jpg 450w, https:\/\/www.centroresidencialalmudena.com\/blog\/wp-content\/uploads\/2017\/06\/residencias-geriatricas-malaga-precios-300x200.jpg 300w\" sizes=\"(max-width: 450px) 100vw, 450px\" \/><\/p>\n<div id=\"ez-toc-container\" class=\"ez-toc-v2_0_69_1 counter-hierarchy ez-toc-counter ez-toc-light-blue ez-toc-container-direction\">\n<div class=\"ez-toc-title-container\">\n<p class=\"ez-toc-title \" >Tabla de Contenidos<\/p>\n<span class=\"ez-toc-title-toggle\"><a href=\"#\" class=\"ez-toc-pull-right ez-toc-btn ez-toc-btn-xs ez-toc-btn-default ez-toc-toggle\" aria-label=\"Toggle Table of Content\"><span class=\"ez-toc-js-icon-con\"><span class=\"\"><span class=\"eztoc-hide\" style=\"display:none;\">Toggle<\/span><span class=\"ez-toc-icon-toggle-span\"><svg style=\"fill: #999;color:#999\" xmlns=\"http:\/\/www.w3.org\/2000\/svg\" class=\"list-377408\" width=\"20px\" height=\"20px\" viewBox=\"0 0 24 24\" fill=\"none\"><path d=\"M6 6H4v2h2V6zm14 0H8v2h12V6zM4 11h2v2H4v-2zm16 0H8v2h12v-2zM4 16h2v2H4v-2zm16 0H8v2h12v-2z\" fill=\"currentColor\"><\/path><\/svg><svg style=\"fill: #999;color:#999\" class=\"arrow-unsorted-368013\" xmlns=\"http:\/\/www.w3.org\/2000\/svg\" width=\"10px\" height=\"10px\" viewBox=\"0 0 24 24\" version=\"1.2\" baseProfile=\"tiny\"><path d=\"M18.2 9.3l-6.2-6.3-6.2 6.3c-.2.2-.3.4-.3.7s.1.5.3.7c.2.2.4.3.7.3h11c.3 0 .5-.1.7-.3.2-.2.3-.5.3-.7s-.1-.5-.3-.7zM5.8 14.7l6.2 6.3 6.2-6.3c.2-.2.3-.5.3-.7s-.1-.5-.3-.7c-.2-.2-.4-.3-.7-.3h-11c-.3 0-.5.1-.7.3-.2.2-.3.5-.3.7s.1.5.3.7z\"\/><\/svg><\/span><\/span><\/span><\/a><\/span><\/div>\n<nav><ul class='ez-toc-list ez-toc-list-level-1 ' ><li class='ez-toc-page-1 ez-toc-heading-level-2'><a class=\"ez-toc-link ez-toc-heading-1\" href=\"https:\/\/www.centroresidencialalmudena.com\/blog\/conclusiones-precio-residencias-de-ancianos\/#Informe_de_2015_sobre_el_precio_de_las_residencias_geriatricas_en_Espana\" title=\"Informe de 2015 sobre el precio de las residencias geri\u00e1tricas en Espa\u00f1a\">Informe de 2015 sobre el precio de las residencias geri\u00e1tricas en Espa\u00f1a<\/a><ul class='ez-toc-list-level-3' ><li class='ez-toc-heading-level-3'><a class=\"ez-toc-link ez-toc-heading-2\" href=\"https:\/\/www.centroresidencialalmudena.com\/blog\/conclusiones-precio-residencias-de-ancianos\/#Influencia_de_la_crisis_en_las_familias_con_personas_mayores\" title=\"Influencia de la crisis en las familias con personas mayores\">Influencia de la crisis en las familias con personas mayores<\/a><\/li><\/ul><\/li><\/ul><\/nav><\/div>\n<h2><span class=\"ez-toc-section\" id=\"Informe_de_2015_sobre_el_precio_de_las_residencias_geriatricas_en_Espana\"><\/span>Informe de 2015 sobre el precio de las residencias geri\u00e1tricas en Espa\u00f1a<span class=\"ez-toc-section-end\"><\/span><\/h2>\n<p><strong>Desde Centro residencial Almudena, residencia de ancianos en M\u00e1laga, os facilitamos informe sobre<\/strong> <strong>precios de residencias geri\u00e1tricas para personas mayores<\/strong> elaborado en 2015, se determin\u00f3 que:<\/p>\n<ul>\n<li><em>El precio medio de una residencia geri\u00e1trica es de 1829,81\u20ac al mes<\/em>.<\/li>\n<li><em>Las diferencias de precios entre comunidades aut\u00f3nomas llega al 40%<\/em>. <em>El precio m\u00e1s alto lo encontramos en el Pa\u00eds Vasco y el m\u00e1s bajo en Extremadura<\/em>.<\/li>\n<li><em>Entre 2009 y 2014<\/em>, <em>el precio de las residencias privadas se increment\u00f3 en un 3%<\/em>.<\/li>\n<li><em>El 86% de las residencias privadas siempre tienen alguna plaza libre<\/em>.<\/li>\n<li><em>El 8,3% de los que buscan residencia est\u00e1n dispuestos a pagar cifras superiores a 2000 euros al mes<\/em>. <em>El 53% de ellos pagar\u00eda menos de 1500\u20ac<\/em>.<\/li>\n<\/ul>\n<p>En las plazas concertadas y propias de titularidad p\u00fablica, los usuarios contribuyen a la financiaci\u00f3n de la asistencia que reciben en menor o mayor grado, en funci\u00f3n del tipo de atenci\u00f3n que necesiten.<\/p>\n<p>En las residencias de titularidad privada, ocurre todo lo contrario: la financiaci\u00f3n corre a cargo del usuario.<\/p>\n<h3><span class=\"ez-toc-section\" id=\"Influencia_de_la_crisis_en_las_familias_con_personas_mayores\"><\/span>Influencia de la crisis en las familias con personas mayores<span class=\"ez-toc-section-end\"><\/span><\/h3>\n<p><b>El precio medio de una residencia de ancianos en M\u00e1laga es de 1.600 euros al mes<\/b>, un coste que algunas familias, golpeadas por la crisis, no pueden asumir ahora mismo. Un 25% de las plazas de los geri\u00e1tricos de la provincia est\u00e1n desocupadas, teniendo en cuenta que ahora mismo la provincia cuenta con alrededor de 3.500 plazas. En la actualidad, estar\u00edan sin ocupar 875.<\/p>\n<p>La crisis econ\u00f3mica ha motivado que m\u00e1s de 600 familias saquen a sus mayores de las <strong>residencias de ancianos en M\u00e1laga y en cualquier otra parte del pa\u00eds<\/strong> en las que estaban ingresados porque no pueden pagar el importe o para sumar a sus sueldos el importe de su pensi\u00f3n, o incluso, para vivir de ellas ante la situaci\u00f3n de desempleo en la que se encuentran.<\/p>\n<p>La situaci\u00f3n no est\u00e1 siendo f\u00e1cil para muchas familias y la mayor\u00eda de ellas se ve obligada a tomar esta decisi\u00f3n. Son ya 70.000 los malague\u00f1os que ni trabajan ni tienen una prestaci\u00f3n por desempleo, por lo que <u>los que tienen familiares en residencias prefieren cuidar de ellos en casa y que estos contribuyan a la econom\u00eda familiar con la pensi\u00f3n que reciben<\/u>.<\/p>\n<p>Cabe recordar que la Junta de Andaluc\u00eda subvenciona a algunas personas mayores parte del dinero que les cuesta recibir atenci\u00f3n en las residencias. Por ejemplo, si una persona tiene una pensi\u00f3n de uso 600 euros, Bienestar social le proporciona 500, por lo que la familia debe de pagar el esto, en este caso alrededor de otros 500 euros.<\/p>\n<p>No dude en contactar con <span style=\"color: #339966;\">Centro Residencial Almudena<\/span> para conocer el <strong>precio de nuestra residencia de ancianos en M\u00e1laga, Rinc\u00f3n de la Victoria<\/strong>. \u00a1Estaremos encantados de resolver sus dudas!<\/p>\n","protected":false},"excerpt":{"rendered":"<p>Atender a una persona dependiente en una residencia para personas mayores es algo costoso, ya que implica un espacio adaptado, &#8230; <\/p>\n<p class=\"read-more-container\"><a title=\"Conclusiones sobre el precio de las residencias de ancianos en Espa\u00f1a\" class=\"read-more button\" href=\"https:\/\/www.centroresidencialalmudena.com\/blog\/conclusiones-precio-residencias-de-ancianos\/#more-177\">Leer m\u00e1s<span class=\"screen-reader-text\">Conclusiones sobre el precio de las residencias de ancianos en Espa\u00f1a<\/span><\/a><\/p>\n","protected":false},"author":1,"featured_media":183,"comment_status":"closed","ping_status":"closed","sticky":false,"template":"","format":"standard","meta":{"_jetpack_memberships_contains_paid_content":false,"footnotes":""},"categories":[24],"tags":[],"class_list":["post-177","post","type-post","status-publish","format-standard","has-post-thumbnail","hentry","category-otros","generate-columns","tablet-grid-50","mobile-grid-100","grid-parent","grid-50"],"yoast_head":"<!-- This site is optimized with the Yoast SEO plugin v23.5 - https:\/\/yoast.com\/wordpress\/plugins\/seo\/ -->\n<title>\u00bfCu\u00e1l es el precio de las residencias de ancianos en Espa\u00f1a?<\/title>\n<meta name=\"description\" content=\"Aqu\u00ed les indicamos las principales conclusiones sobre un informe elaborado del precio de las residencias de ancianos en 2015.\" \/>\n<meta name=\"robots\" content=\"index, follow, max-snippet:-1, max-image-preview:large, max-video-preview:-1\" \/>\n<link rel=\"canonical\" href=\"https:\/\/www.centroresidencialalmudena.com\/blog\/conclusiones-precio-residencias-de-ancianos\/\" \/>\n<meta property=\"og:locale\" content=\"es_ES\" \/>\n<meta property=\"og:type\" content=\"article\" \/>\n<meta property=\"og:title\" content=\"\u00bfCu\u00e1l es el precio de las residencias de ancianos en Espa\u00f1a?\" \/>\n<meta property=\"og:description\" content=\"Aqu\u00ed les indicamos las principales conclusiones sobre un informe elaborado del precio de las residencias de ancianos en 2015.\" \/>\n<meta property=\"og:url\" content=\"https:\/\/www.centroresidencialalmudena.com\/blog\/conclusiones-precio-residencias-de-ancianos\/\" \/>\n<meta property=\"og:site_name\" content=\"Blog de Centro Residencial Almudena\" \/>\n<meta property=\"article:publisher\" content=\"https:\/\/www.facebook.com\/people\/Centro-Residencial-Almudena\/100057477459209\/?ref=page_internal\" \/>\n<meta property=\"article:published_time\" content=\"2017-06-26T07:03:41+00:00\" \/>\n<meta property=\"article:modified_time\" content=\"2021-11-09T12:56:47+00:00\" \/>\n<meta property=\"og:image\" content=\"https:\/\/www.centroresidencialalmudena.com\/blog\/wp-content\/uploads\/2017\/06\/precios-residencias-ancianos-malaga-e1498460796215.jpg\" \/>\n\t<meta property=\"og:image:width\" content=\"700\" \/>\n\t<meta property=\"og:image:height\" content=\"466\" \/>\n\t<meta property=\"og:image:type\" content=\"image\/jpeg\" \/>\n<meta name=\"author\" content=\"Administrador\" \/>\n<meta name=\"twitter:card\" content=\"summary_large_image\" \/>\n<meta name=\"twitter:label1\" content=\"Escrito por\" \/>\n\t<meta name=\"twitter:data1\" content=\"Administrador\" \/>\n\t<meta name=\"twitter:label2\" content=\"Tiempo de lectura\" \/>\n\t<meta name=\"twitter:data2\" content=\"3 minutos\" \/>\n<script type=\"application\/ld+json\" class=\"yoast-schema-graph\">{\"@context\":\"https:\/\/schema.org\",\"@graph\":[{\"@type\":\"Article\",\"@id\":\"https:\/\/www.centroresidencialalmudena.com\/blog\/conclusiones-precio-residencias-de-ancianos\/#article\",\"isPartOf\":{\"@id\":\"https:\/\/www.centroresidencialalmudena.com\/blog\/conclusiones-precio-residencias-de-ancianos\/\"},\"author\":{\"name\":\"Administrador\",\"@id\":\"https:\/\/www.centroresidencialalmudena.com\/blog\/#\/schema\/person\/59ebdfaaedc0f38c0d6362d04c5a69d1\"},\"headline\":\"Conclusiones sobre el precio de las residencias de ancianos en Espa\u00f1a\",\"datePublished\":\"2017-06-26T07:03:41+00:00\",\"dateModified\":\"2021-11-09T12:56:47+00:00\",\"mainEntityOfPage\":{\"@id\":\"https:\/\/www.centroresidencialalmudena.com\/blog\/conclusiones-precio-residencias-de-ancianos\/\"},\"wordCount\":669,\"publisher\":{\"@id\":\"https:\/\/www.centroresidencialalmudena.com\/blog\/#organization\"},\"image\":{\"@id\":\"https:\/\/www.centroresidencialalmudena.com\/blog\/conclusiones-precio-residencias-de-ancianos\/#primaryimage\"},\"thumbnailUrl\":\"https:\/\/www.centroresidencialalmudena.com\/blog\/wp-content\/uploads\/2017\/06\/precios-residencias-ancianos-malaga-e1498460796215.jpg\",\"articleSection\":[\"Otros\"],\"inLanguage\":\"es\"},{\"@type\":\"WebPage\",\"@id\":\"https:\/\/www.centroresidencialalmudena.com\/blog\/conclusiones-precio-residencias-de-ancianos\/\",\"url\":\"https:\/\/www.centroresidencialalmudena.com\/blog\/conclusiones-precio-residencias-de-ancianos\/\",\"name\":\"\u00bfCu\u00e1l es el precio de las residencias de ancianos en Espa\u00f1a?\",\"isPartOf\":{\"@id\":\"https:\/\/www.centroresidencialalmudena.com\/blog\/#website\"},\"primaryImageOfPage\":{\"@id\":\"https:\/\/www.centroresidencialalmudena.com\/blog\/conclusiones-precio-residencias-de-ancianos\/#primaryimage\"},\"image\":{\"@id\":\"https:\/\/www.centroresidencialalmudena.com\/blog\/conclusiones-precio-residencias-de-ancianos\/#primaryimage\"},\"thumbnailUrl\":\"https:\/\/www.centroresidencialalmudena.com\/blog\/wp-content\/uploads\/2017\/06\/precios-residencias-ancianos-malaga-e1498460796215.jpg\",\"datePublished\":\"2017-06-26T07:03:41+00:00\",\"dateModified\":\"2021-11-09T12:56:47+00:00\",\"description\":\"Aqu\u00ed les indicamos las principales conclusiones sobre un informe elaborado del precio de las residencias de ancianos en 2015.\",\"breadcrumb\":{\"@id\":\"https:\/\/www.centroresidencialalmudena.com\/blog\/conclusiones-precio-residencias-de-ancianos\/#breadcrumb\"},\"inLanguage\":\"es\",\"potentialAction\":[{\"@type\":\"ReadAction\",\"target\":[\"https:\/\/www.centroresidencialalmudena.com\/blog\/conclusiones-precio-residencias-de-ancianos\/\"]}]},{\"@type\":\"ImageObject\",\"inLanguage\":\"es\",\"@id\":\"https:\/\/www.centroresidencialalmudena.com\/blog\/conclusiones-precio-residencias-de-ancianos\/#primaryimage\",\"url\":\"https:\/\/www.centroresidencialalmudena.com\/blog\/wp-content\/uploads\/2017\/06\/precios-residencias-ancianos-malaga-e1498460796215.jpg\",\"contentUrl\":\"https:\/\/www.centroresidencialalmudena.com\/blog\/wp-content\/uploads\/2017\/06\/precios-residencias-ancianos-malaga-e1498460796215.jpg\",\"width\":700,\"height\":466,\"caption\":\"tarifas de residencias de tercera edad\"},{\"@type\":\"BreadcrumbList\",\"@id\":\"https:\/\/www.centroresidencialalmudena.com\/blog\/conclusiones-precio-residencias-de-ancianos\/#breadcrumb\",\"itemListElement\":[{\"@type\":\"ListItem\",\"position\":1,\"name\":\"Portada\",\"item\":\"https:\/\/www.centroresidencialalmudena.com\/blog\/\"},{\"@type\":\"ListItem\",\"position\":2,\"name\":\"Conclusiones sobre el precio de las residencias de ancianos en Espa\u00f1a\"}]},{\"@type\":\"WebSite\",\"@id\":\"https:\/\/www.centroresidencialalmudena.com\/blog\/#website\",\"url\":\"https:\/\/www.centroresidencialalmudena.com\/blog\/\",\"name\":\"Centro Residencial Almudena\",\"description\":\"Residencia geri\u00e1trica de ancianos en M\u00e1laga\",\"publisher\":{\"@id\":\"https:\/\/www.centroresidencialalmudena.com\/blog\/#organization\"},\"potentialAction\":[{\"@type\":\"SearchAction\",\"target\":{\"@type\":\"EntryPoint\",\"urlTemplate\":\"https:\/\/www.centroresidencialalmudena.com\/blog\/?s={search_term_string}\"},\"query-input\":{\"@type\":\"PropertyValueSpecification\",\"valueRequired\":true,\"valueName\":\"search_term_string\"}}],\"inLanguage\":\"es\"},{\"@type\":\"Organization\",\"@id\":\"https:\/\/www.centroresidencialalmudena.com\/blog\/#organization\",\"name\":\"Centro Residencial Almudena\",\"url\":\"https:\/\/www.centroresidencialalmudena.com\/blog\/\",\"logo\":{\"@type\":\"ImageObject\",\"inLanguage\":\"es\",\"@id\":\"https:\/\/www.centroresidencialalmudena.com\/blog\/#\/schema\/logo\/image\/\",\"url\":\"https:\/\/www.centroresidencialalmudena.com\/blog\/wp-content\/uploads\/2018\/03\/logo-e1538641655851.png\",\"contentUrl\":\"https:\/\/www.centroresidencialalmudena.com\/blog\/wp-content\/uploads\/2018\/03\/logo-e1538641655851.png\",\"width\":194,\"height\":75,\"caption\":\"Centro Residencial Almudena\"},\"image\":{\"@id\":\"https:\/\/www.centroresidencialalmudena.com\/blog\/#\/schema\/logo\/image\/\"},\"sameAs\":[\"https:\/\/www.facebook.com\/people\/Centro-Residencial-Almudena\/100057477459209\/?ref=page_internal\"]},{\"@type\":\"Person\",\"@id\":\"https:\/\/www.centroresidencialalmudena.com\/blog\/#\/schema\/person\/59ebdfaaedc0f38c0d6362d04c5a69d1\",\"name\":\"Administrador\",\"image\":{\"@type\":\"ImageObject\",\"inLanguage\":\"es\",\"@id\":\"https:\/\/www.centroresidencialalmudena.com\/blog\/#\/schema\/person\/image\/\",\"url\":\"https:\/\/secure.gravatar.com\/avatar\/4759c6ee8a28a6fac9426b0dbdcc93d7?s=96&d=mm&r=g\",\"contentUrl\":\"https:\/\/secure.gravatar.com\/avatar\/4759c6ee8a28a6fac9426b0dbdcc93d7?s=96&d=mm&r=g\",\"caption\":\"Administrador\"}}]}<\/script>\n<!-- \/ Yoast SEO plugin. -->","yoast_head_json":{"title":"\u00bfCu\u00e1l es el precio de las residencias de ancianos en Espa\u00f1a?","description":"Aqu\u00ed les indicamos las principales conclusiones sobre un informe elaborado del precio de las residencias de ancianos en 2015.","robots":{"index":"index","follow":"follow","max-snippet":"max-snippet:-1","max-image-preview":"max-image-preview:large","max-video-preview":"max-video-preview:-1"},"canonical":"https:\/\/www.centroresidencialalmudena.com\/blog\/conclusiones-precio-residencias-de-ancianos\/","og_locale":"es_ES","og_type":"article","og_title":"\u00bfCu\u00e1l es el precio de las residencias de ancianos en Espa\u00f1a?","og_description":"Aqu\u00ed les indicamos las principales conclusiones sobre un informe elaborado del precio de las residencias de ancianos en 2015.","og_url":"https:\/\/www.centroresidencialalmudena.com\/blog\/conclusiones-precio-residencias-de-ancianos\/","og_site_name":"Blog de Centro Residencial Almudena","article_publisher":"https:\/\/www.facebook.com\/people\/Centro-Residencial-Almudena\/100057477459209\/?ref=page_internal","article_published_time":"2017-06-26T07:03:41+00:00","article_modified_time":"2021-11-09T12:56:47+00:00","og_image":[{"width":700,"height":466,"url":"https:\/\/www.centroresidencialalmudena.com\/blog\/wp-content\/uploads\/2017\/06\/precios-residencias-ancianos-malaga-e1498460796215.jpg","type":"image\/jpeg"}],"author":"Administrador","twitter_card":"summary_large_image","twitter_misc":{"Escrito por":"Administrador","Tiempo de lectura":"3 minutos"},"schema":{"@context":"https:\/\/schema.org","@graph":[{"@type":"Article","@id":"https:\/\/www.centroresidencialalmudena.com\/blog\/conclusiones-precio-residencias-de-ancianos\/#article","isPartOf":{"@id":"https:\/\/www.centroresidencialalmudena.com\/blog\/conclusiones-precio-residencias-de-ancianos\/"},"author":{"name":"Administrador","@id":"https:\/\/www.centroresidencialalmudena.com\/blog\/#\/schema\/person\/59ebdfaaedc0f38c0d6362d04c5a69d1"},"headline":"Conclusiones sobre el precio de las residencias de ancianos en Espa\u00f1a","datePublished":"2017-06-26T07:03:41+00:00","dateModified":"2021-11-09T12:56:47+00:00","mainEntityOfPage":{"@id":"https:\/\/www.centroresidencialalmudena.com\/blog\/conclusiones-precio-residencias-de-ancianos\/"},"wordCount":669,"publisher":{"@id":"https:\/\/www.centroresidencialalmudena.com\/blog\/#organization"},"image":{"@id":"https:\/\/www.centroresidencialalmudena.com\/blog\/conclusiones-precio-residencias-de-ancianos\/#primaryimage"},"thumbnailUrl":"https:\/\/www.centroresidencialalmudena.com\/blog\/wp-content\/uploads\/2017\/06\/precios-residencias-ancianos-malaga-e1498460796215.jpg","articleSection":["Otros"],"inLanguage":"es"},{"@type":"WebPage","@id":"https:\/\/www.centroresidencialalmudena.com\/blog\/conclusiones-precio-residencias-de-ancianos\/","url":"https:\/\/www.centroresidencialalmudena.com\/blog\/conclusiones-precio-residencias-de-ancianos\/","name":"\u00bfCu\u00e1l es el precio de las residencias de ancianos en Espa\u00f1a?","isPartOf":{"@id":"https:\/\/www.centroresidencialalmudena.com\/blog\/#website"},"primaryImageOfPage":{"@id":"https:\/\/www.centroresidencialalmudena.com\/blog\/conclusiones-precio-residencias-de-ancianos\/#primaryimage"},"image":{"@id":"https:\/\/www.centroresidencialalmudena.com\/blog\/conclusiones-precio-residencias-de-ancianos\/#primaryimage"},"thumbnailUrl":"https:\/\/www.centroresidencialalmudena.com\/blog\/wp-content\/uploads\/2017\/06\/precios-residencias-ancianos-malaga-e1498460796215.jpg","datePublished":"2017-06-26T07:03:41+00:00","dateModified":"2021-11-09T12:56:47+00:00","description":"Aqu\u00ed les indicamos las principales conclusiones sobre un informe elaborado del precio de las residencias de ancianos en 2015.","breadcrumb":{"@id":"https:\/\/www.centroresidencialalmudena.com\/blog\/conclusiones-precio-residencias-de-ancianos\/#breadcrumb"},"inLanguage":"es","potentialAction":[{"@type":"ReadAction","target":["https:\/\/www.centroresidencialalmudena.com\/blog\/conclusiones-precio-residencias-de-ancianos\/"]}]},{"@type":"ImageObject","inLanguage":"es","@id":"https:\/\/www.centroresidencialalmudena.com\/blog\/conclusiones-precio-residencias-de-ancianos\/#primaryimage","url":"https:\/\/www.centroresidencialalmudena.com\/blog\/wp-content\/uploads\/2017\/06\/precios-residencias-ancianos-malaga-e1498460796215.jpg","contentUrl":"https:\/\/www.centroresidencialalmudena.com\/blog\/wp-content\/uploads\/2017\/06\/precios-residencias-ancianos-malaga-e1498460796215.jpg","width":700,"height":466,"caption":"tarifas de residencias de tercera edad"},{"@type":"BreadcrumbList","@id":"https:\/\/www.centroresidencialalmudena.com\/blog\/conclusiones-precio-residencias-de-ancianos\/#breadcrumb","itemListElement":[{"@type":"ListItem","position":1,"name":"Portada","item":"https:\/\/www.centroresidencialalmudena.com\/blog\/"},{"@type":"ListItem","position":2,"name":"Conclusiones sobre el precio de las residencias de ancianos en Espa\u00f1a"}]},{"@type":"WebSite","@id":"https:\/\/www.centroresidencialalmudena.com\/blog\/#website","url":"https:\/\/www.centroresidencialalmudena.com\/blog\/","name":"Centro Residencial Almudena","description":"Residencia geri\u00e1trica de ancianos en M\u00e1laga","publisher":{"@id":"https:\/\/www.centroresidencialalmudena.com\/blog\/#organization"},"potentialAction":[{"@type":"SearchAction","target":{"@type":"EntryPoint","urlTemplate":"https:\/\/www.centroresidencialalmudena.com\/blog\/?s={search_term_string}"},"query-input":{"@type":"PropertyValueSpecification","valueRequired":true,"valueName":"search_term_string"}}],"inLanguage":"es"},{"@type":"Organization","@id":"https:\/\/www.centroresidencialalmudena.com\/blog\/#organization","name":"Centro Residencial Almudena","url":"https:\/\/www.centroresidencialalmudena.com\/blog\/","logo":{"@type":"ImageObject","inLanguage":"es","@id":"https:\/\/www.centroresidencialalmudena.com\/blog\/#\/schema\/logo\/image\/","url":"https:\/\/www.centroresidencialalmudena.com\/blog\/wp-content\/uploads\/2018\/03\/logo-e1538641655851.png","contentUrl":"https:\/\/www.centroresidencialalmudena.com\/blog\/wp-content\/uploads\/2018\/03\/logo-e1538641655851.png","width":194,"height":75,"caption":"Centro Residencial Almudena"},"image":{"@id":"https:\/\/www.centroresidencialalmudena.com\/blog\/#\/schema\/logo\/image\/"},"sameAs":["https:\/\/www.facebook.com\/people\/Centro-Residencial-Almudena\/100057477459209\/?ref=page_internal"]},{"@type":"Person","@id":"https:\/\/www.centroresidencialalmudena.com\/blog\/#\/schema\/person\/59ebdfaaedc0f38c0d6362d04c5a69d1","name":"Administrador","image":{"@type":"ImageObject","inLanguage":"es","@id":"https:\/\/www.centroresidencialalmudena.com\/blog\/#\/schema\/person\/image\/","url":"https:\/\/secure.gravatar.com\/avatar\/4759c6ee8a28a6fac9426b0dbdcc93d7?s=96&d=mm&r=g","contentUrl":"https:\/\/secure.gravatar.com\/avatar\/4759c6ee8a28a6fac9426b0dbdcc93d7?s=96&d=mm&r=g","caption":"Administrador"}}]}},"jetpack_sharing_enabled":true,"jetpack_featured_media_url":"https:\/\/www.centroresidencialalmudena.com\/blog\/wp-content\/uploads\/2017\/06\/precios-residencias-ancianos-malaga-e1498460796215.jpg","jetpack_shortlink":"https:\/\/wp.me\/paklrn-2R","_links":{"self":[{"href":"https:\/\/www.centroresidencialalmudena.com\/blog\/wp-json\/wp\/v2\/posts\/177"}],"collection":[{"href":"https:\/\/www.centroresidencialalmudena.com\/blog\/wp-json\/wp\/v2\/posts"}],"about":[{"href":"https:\/\/www.centroresidencialalmudena.com\/blog\/wp-json\/wp\/v2\/types\/post"}],"author":[{"embeddable":true,"href":"https:\/\/www.centroresidencialalmudena.com\/blog\/wp-json\/wp\/v2\/users\/1"}],"replies":[{"embeddable":true,"href":"https:\/\/www.centroresidencialalmudena.com\/blog\/wp-json\/wp\/v2\/comments?post=177"}],"version-history":[{"count":6,"href":"https:\/\/www.centroresidencialalmudena.com\/blog\/wp-json\/wp\/v2\/posts\/177\/revisions"}],"predecessor-version":[{"id":444,"href":"https:\/\/www.centroresidencialalmudena.com\/blog\/wp-json\/wp\/v2\/posts\/177\/revisions\/444"}],"wp:featuredmedia":[{"embeddable":true,"href":"https:\/\/www.centroresidencialalmudena.com\/blog\/wp-json\/wp\/v2\/media\/183"}],"wp:attachment":[{"href":"https:\/\/www.centroresidencialalmudena.com\/blog\/wp-json\/wp\/v2\/media?parent=177"}],"wp:term":[{"taxonomy":"category","embeddable":true,"href":"https:\/\/www.centroresidencialalmudena.com\/blog\/wp-json\/wp\/v2\/categories?post=177"},{"taxonomy":"post_tag","embeddable":true,"href":"https:\/\/www.centroresidencialalmudena.com\/blog\/wp-json\/wp\/v2\/tags?post=177"}],"curies":[{"name":"wp","href":"https:\/\/api.w.org\/{rel}","templated":true}]}}