{"id":35,"date":"2016-11-22T16:00:40","date_gmt":"2016-11-22T16:00:40","guid":{"rendered":"http:\/\/www.centroresidencialalmudena.com\/blog\/?p=35"},"modified":"2025-09-11T11:25:28","modified_gmt":"2025-09-11T11:25:28","slug":"residencia-de-ancianos-en-malaga-lujo","status":"publish","type":"post","link":"https:\/\/www.centroresidencialalmudena.com\/blog\/residencia-de-ancianos-en-malaga-lujo\/","title":{"rendered":"Residencia de ancianos de lujo en M\u00e1laga con m\u00faltiples servicios"},"content":{"rendered":"<p>Nuestra empresa es la residencia de ancianos en M\u00e1laga que estaba buscando.<\/p>\n<p>Dirigimos una residencia de ancianos en M\u00e1laga para personas de la tercera edad, con una plantilla seria y profesional que ofrece \u00fanicamente calidad en cada uno de los servicios que prestamos, teniendo como \u00faltimo fin la mejora de la calidad de vida de dichas personas cuyos familiares han depositado su confianza en nosotros.<\/p>\n<div id=\"ez-toc-container\" class=\"ez-toc-v2_0_69_1 counter-hierarchy ez-toc-counter ez-toc-light-blue ez-toc-container-direction\">\n<div class=\"ez-toc-title-container\">\n<p class=\"ez-toc-title \" >Tabla de Contenidos<\/p>\n<span class=\"ez-toc-title-toggle\"><a href=\"#\" class=\"ez-toc-pull-right ez-toc-btn ez-toc-btn-xs ez-toc-btn-default ez-toc-toggle\" aria-label=\"Toggle Table of Content\"><span class=\"ez-toc-js-icon-con\"><span class=\"\"><span class=\"eztoc-hide\" style=\"display:none;\">Toggle<\/span><span class=\"ez-toc-icon-toggle-span\"><svg style=\"fill: #999;color:#999\" xmlns=\"http:\/\/www.w3.org\/2000\/svg\" class=\"list-377408\" width=\"20px\" height=\"20px\" viewBox=\"0 0 24 24\" fill=\"none\"><path d=\"M6 6H4v2h2V6zm14 0H8v2h12V6zM4 11h2v2H4v-2zm16 0H8v2h12v-2zM4 16h2v2H4v-2zm16 0H8v2h12v-2z\" fill=\"currentColor\"><\/path><\/svg><svg style=\"fill: #999;color:#999\" class=\"arrow-unsorted-368013\" xmlns=\"http:\/\/www.w3.org\/2000\/svg\" width=\"10px\" height=\"10px\" viewBox=\"0 0 24 24\" version=\"1.2\" baseProfile=\"tiny\"><path d=\"M18.2 9.3l-6.2-6.3-6.2 6.3c-.2.2-.3.4-.3.7s.1.5.3.7c.2.2.4.3.7.3h11c.3 0 .5-.1.7-.3.2-.2.3-.5.3-.7s-.1-.5-.3-.7zM5.8 14.7l6.2 6.3 6.2-6.3c.2-.2.3-.5.3-.7s-.1-.5-.3-.7c-.2-.2-.4-.3-.7-.3h-11c-.3 0-.5.1-.7.3-.2.2-.3.5-.3.7s.1.5.3.7z\"\/><\/svg><\/span><\/span><\/span><\/a><\/span><\/div>\n<nav><ul class='ez-toc-list ez-toc-list-level-1 ' ><li class='ez-toc-page-1 ez-toc-heading-level-2'><a class=\"ez-toc-link ez-toc-heading-1\" href=\"https:\/\/www.centroresidencialalmudena.com\/blog\/residencia-de-ancianos-en-malaga-lujo\/#Atencion_personalizada_en_instalaciones_de_lujo\" title=\"Atenci\u00f3n personalizada en instalaciones de lujo\">Atenci\u00f3n personalizada en instalaciones de lujo<\/a><ul class='ez-toc-list-level-3' ><li class='ez-toc-heading-level-3'><a class=\"ez-toc-link ez-toc-heading-2\" href=\"https:\/\/www.centroresidencialalmudena.com\/blog\/residencia-de-ancianos-en-malaga-lujo\/#Una_residencia_geriatrica_en_Malaga_donde_las_personas_mayores_esten_siempre_atendidas\" title=\"Una residencia geri\u00e1trica en M\u00e1laga donde las personas mayores est\u00e9n siempre atendidas\">Una residencia geri\u00e1trica en M\u00e1laga donde las personas mayores est\u00e9n siempre atendidas<\/a><\/li><\/ul><\/li><\/ul><\/nav><\/div>\n<h2><span class=\"ez-toc-section\" id=\"Atencion_personalizada_en_instalaciones_de_lujo\"><\/span>Atenci\u00f3n personalizada en instalaciones de lujo<span class=\"ez-toc-section-end\"><\/span><\/h2>\n<p>Cada uno de los pacientes recibe una atenci\u00f3n personalizada, porque cada uno tiene necesidades diferentes. La residencia es de lujo y dispone de zonas verdes, biblioteca, peluquer\u00eda, farmacia, consultas m\u00e9dicas y fisioterapia, talleres para la estimulaci\u00f3n cognitiva, cafeter\u00eda, lavander\u00eda y un comedor.<\/p>\n<p>Las dependencias son m\u00faltiples y est\u00e1n plenamente equipadas para garantizar la m\u00e1xima confortabilidad durante su estancia. Disponemos de equipamientos de energ\u00eda solar para proporcionar agua sanitaria, calefacci\u00f3n y aire acondicionado para adaptarnos al clima del exterior.<\/p>\n<blockquote><p>Las habitaciones disponen de un sistema de telecomunicaci\u00f3n hospitalaria, por lo que podemos asegurar una r\u00e1pida intervenci\u00f3n ante cualquier posible emergencia m\u00e9dica.<\/p><\/blockquote>\n<p style=\"text-align: justify;\">La conectividad a tel\u00e9fonos, internet, televisi\u00f3n y fax est\u00e1 presente durante las 24 horas del d\u00eda y contamos con dispositivos de seguridad que tanto por dentro como por fuera de la <a href=\"https:\/\/www.centroresidencialalmudena.com\">residencia de ancianos M\u00e1laga<\/a>, el cual ofrece las prestaciones t\u00e9cnicas necesarias para aguantar su estructura en casos de incendios.<\/p>\n<p>Las instalaciones son continuamente revisadas y renovadas para ofrecer siempre la m\u00e1xima calidad, con la que los pacientes puedan llevar una vida c\u00f3moda y pl\u00e1cida.<\/p>\n<p>La atenci\u00f3n es individualizada e integral para cada paciente, teniendo a su disposici\u00f3n a un equipo completo de m\u00e9dicos, trabajadores sociales, fisioterapeutas, enfermeros y otro personal de atenci\u00f3n directa.<\/p>\n<figure id=\"attachment_39\" aria-describedby=\"caption-attachment-39\" style=\"width: 290px\" class=\"wp-caption aligncenter\"><img loading=\"lazy\" decoding=\"async\" class=\"wp-image-39 size-medium\" title=\"residencia geri\u00e1trica M\u00e1laga\" src=\"https:\/\/www.centroresidencialalmudena.com\/blog\/wp-content\/uploads\/2016\/11\/residencia-ancianos-malaga-300x200.jpg\" alt=\"residencia de ancianos en M\u00e1laga\" width=\"300\" height=\"200\" srcset=\"https:\/\/www.centroresidencialalmudena.com\/blog\/wp-content\/uploads\/2016\/11\/residencia-ancianos-malaga-300x200.jpg 300w, https:\/\/www.centroresidencialalmudena.com\/blog\/wp-content\/uploads\/2016\/11\/residencia-ancianos-malaga.jpg 450w\" sizes=\"(max-width: 300px) 100vw, 300px\" \/><figcaption id=\"caption-attachment-39\" class=\"wp-caption-text\">Residencia rehabilitaci\u00f3n de ancianos M\u00e1laga<\/figcaption><\/figure>\n<p>En los casos de que dichas personas tengan cierta dependencia funcional o cognitivo, les prestaremos atenci\u00f3n absoluta para mayor tranquilidad de los familiares que no disponen de los recursos ni del tiempo necesario para mantener un control sobre ellos.<\/p>\n<h3><span class=\"ez-toc-section\" id=\"Una_residencia_geriatrica_en_Malaga_donde_las_personas_mayores_esten_siempre_atendidas\"><\/span>Una residencia geri\u00e1trica en M\u00e1laga donde las personas mayores est\u00e9n siempre atendidas<span class=\"ez-toc-section-end\"><\/span><\/h3>\n<p>Les intentamos transmitir a los familiares de que no tienen culpa de traer aqu\u00ed a sus seres queridos, sin embargo les tranquilizamos dici\u00e9ndoles que los pueden visitar en cualquier momento del d\u00eda y del a\u00f1o sin tener que avisar previamente.<\/p>\n<p>El entorno es perfecto para los mayores y desarrollamos actividades para favorecer su integraci\u00f3n social de modo que no est\u00e9n aburridos e intentamos darle autonom\u00eda propia controlada para que se desplacen libremente por las instalaciones de la residencia de ancianos en M\u00e1laga como si estuvieran en su propia casa, decorando las habitaciones con cuadros o fotos de su familia si lo desean.<\/p>\n<p>En el Centro Residencial Almudena, sus familiares encontrar\u00e1n todo lo que necesitan para poder desarrollar su d\u00eda a d\u00eda normal sin aburrirse y sin verse limitados mental o f\u00edsicamente.<\/p>\n<p>Las estancias son c\u00f3modas y agradables, con espacios abiertos y luminosos los cuales se encuentran estructurados en unidades independientes con sus propios salones, comedores y salas de estar donde, en funci\u00f3n de las necesidades colectivas de los ancianos, podamos ofrecerle una mejor atenci\u00f3n.<\/p>\n<p>En ning\u00fan momento ser\u00e1n cohibidos de dar un paseo por el jard\u00edn u observar la naturaleza de la provincia desde la excelente posici\u00f3n de la residencia geri\u00e1trica en M\u00e1laga.<\/p>\n<p>De modo que facilitemos su integraci\u00f3n y bienestar, los cuidados geri\u00e1tricos ser\u00e1n especializados adapt\u00e1ndonos a su grado de autonom\u00eda.<\/p>\n<p>Con cierta periodicidad organizamos actividades de ocio y terap\u00e9uticas ocupacionales, por lo que somos la residencia para ancianos ideal por el ambiente familiar y acogedor que existe entre pacientes y personal.<\/p>\n<p>El plan de cuidados no solo se dise\u00f1a en funci\u00f3n de su estado de salud, sino tambi\u00e9n de sus posibilidades econ\u00f3micas por lo que lo \u00fanico que tiene que hacer es ponerse en contacto con nosotros para informarse y le aseguramos desde ya que el dinero nunca ser\u00e1 un obst\u00e1culo para ingresar a un familiar en nuestras instalaciones.<\/p>\n","protected":false},"excerpt":{"rendered":"<p>Nuestra empresa es la residencia de ancianos en M\u00e1laga que estaba buscando. Dirigimos una residencia de ancianos en M\u00e1laga para &#8230; <\/p>\n<p class=\"read-more-container\"><a title=\"Residencia de ancianos de lujo en M\u00e1laga con m\u00faltiples servicios\" class=\"read-more button\" href=\"https:\/\/www.centroresidencialalmudena.com\/blog\/residencia-de-ancianos-en-malaga-lujo\/#more-35\">Leer m\u00e1s<span class=\"screen-reader-text\">Residencia de ancianos de lujo en M\u00e1laga con m\u00faltiples servicios<\/span><\/a><\/p>\n","protected":false},"author":1,"featured_media":36,"comment_status":"closed","ping_status":"closed","sticky":false,"template":"","format":"standard","meta":{"_jetpack_memberships_contains_paid_content":false,"footnotes":""},"categories":[24],"tags":[],"class_list":["post-35","post","type-post","status-publish","format-standard","has-post-thumbnail","hentry","category-otros","generate-columns","tablet-grid-50","mobile-grid-100","grid-parent","grid-50"],"yoast_head":"<!-- This site is optimized with the Yoast SEO plugin v23.5 - https:\/\/yoast.com\/wordpress\/plugins\/seo\/ -->\n<title>Cuidados e instalaciones de lujo en residencia de ancianos<\/title>\n<meta name=\"description\" content=\"Residencia de ancianos en M\u00e1laga | Centro residencial Almudena. Residencia geri\u00e1trica con instalaciones adaptadas a la vida de las personas mayores.\" \/>\n<meta name=\"robots\" content=\"index, follow, max-snippet:-1, max-image-preview:large, max-video-preview:-1\" \/>\n<link rel=\"canonical\" href=\"https:\/\/www.centroresidencialalmudena.com\/blog\/residencia-de-ancianos-en-malaga-lujo\/\" \/>\n<meta property=\"og:locale\" content=\"es_ES\" \/>\n<meta property=\"og:type\" content=\"article\" \/>\n<meta property=\"og:title\" content=\"Cuidados e instalaciones de lujo en residencia de ancianos\" \/>\n<meta property=\"og:description\" content=\"Residencia de ancianos en M\u00e1laga | Centro residencial Almudena. Residencia geri\u00e1trica con instalaciones adaptadas a la vida de las personas mayores.\" \/>\n<meta property=\"og:url\" content=\"https:\/\/www.centroresidencialalmudena.com\/blog\/residencia-de-ancianos-en-malaga-lujo\/\" \/>\n<meta property=\"og:site_name\" content=\"Blog de Centro Residencial Almudena\" \/>\n<meta property=\"article:publisher\" content=\"https:\/\/www.facebook.com\/people\/Centro-Residencial-Almudena\/100057477459209\/?ref=page_internal\" \/>\n<meta property=\"article:published_time\" content=\"2016-11-22T16:00:40+00:00\" \/>\n<meta property=\"article:modified_time\" content=\"2025-09-11T11:25:28+00:00\" \/>\n<meta property=\"og:image\" content=\"https:\/\/www.centroresidencialalmudena.com\/blog\/wp-content\/uploads\/2016\/11\/residencia-geriatrica-malaga.jpg\" \/>\n\t<meta property=\"og:image:width\" content=\"450\" \/>\n\t<meta property=\"og:image:height\" content=\"300\" \/>\n\t<meta property=\"og:image:type\" content=\"image\/jpeg\" \/>\n<meta name=\"author\" content=\"Administrador\" \/>\n<meta name=\"twitter:card\" content=\"summary_large_image\" \/>\n<meta name=\"twitter:label1\" content=\"Escrito por\" \/>\n\t<meta name=\"twitter:data1\" content=\"Administrador\" \/>\n\t<meta name=\"twitter:label2\" content=\"Tiempo de lectura\" \/>\n\t<meta name=\"twitter:data2\" content=\"4 minutos\" \/>\n<script type=\"application\/ld+json\" class=\"yoast-schema-graph\">{\"@context\":\"https:\/\/schema.org\",\"@graph\":[{\"@type\":\"Article\",\"@id\":\"https:\/\/www.centroresidencialalmudena.com\/blog\/residencia-de-ancianos-en-malaga-lujo\/#article\",\"isPartOf\":{\"@id\":\"https:\/\/www.centroresidencialalmudena.com\/blog\/residencia-de-ancianos-en-malaga-lujo\/\"},\"author\":{\"name\":\"Administrador\",\"@id\":\"https:\/\/www.centroresidencialalmudena.com\/blog\/#\/schema\/person\/59ebdfaaedc0f38c0d6362d04c5a69d1\"},\"headline\":\"Residencia de ancianos de lujo en M\u00e1laga con m\u00faltiples servicios\",\"datePublished\":\"2016-11-22T16:00:40+00:00\",\"dateModified\":\"2025-09-11T11:25:28+00:00\",\"mainEntityOfPage\":{\"@id\":\"https:\/\/www.centroresidencialalmudena.com\/blog\/residencia-de-ancianos-en-malaga-lujo\/\"},\"wordCount\":727,\"publisher\":{\"@id\":\"https:\/\/www.centroresidencialalmudena.com\/blog\/#organization\"},\"image\":{\"@id\":\"https:\/\/www.centroresidencialalmudena.com\/blog\/residencia-de-ancianos-en-malaga-lujo\/#primaryimage\"},\"thumbnailUrl\":\"https:\/\/www.centroresidencialalmudena.com\/blog\/wp-content\/uploads\/2016\/11\/residencia-geriatrica-malaga.jpg\",\"articleSection\":[\"Otros\"],\"inLanguage\":\"es\"},{\"@type\":\"WebPage\",\"@id\":\"https:\/\/www.centroresidencialalmudena.com\/blog\/residencia-de-ancianos-en-malaga-lujo\/\",\"url\":\"https:\/\/www.centroresidencialalmudena.com\/blog\/residencia-de-ancianos-en-malaga-lujo\/\",\"name\":\"Cuidados e instalaciones de lujo en residencia de ancianos\",\"isPartOf\":{\"@id\":\"https:\/\/www.centroresidencialalmudena.com\/blog\/#website\"},\"primaryImageOfPage\":{\"@id\":\"https:\/\/www.centroresidencialalmudena.com\/blog\/residencia-de-ancianos-en-malaga-lujo\/#primaryimage\"},\"image\":{\"@id\":\"https:\/\/www.centroresidencialalmudena.com\/blog\/residencia-de-ancianos-en-malaga-lujo\/#primaryimage\"},\"thumbnailUrl\":\"https:\/\/www.centroresidencialalmudena.com\/blog\/wp-content\/uploads\/2016\/11\/residencia-geriatrica-malaga.jpg\",\"datePublished\":\"2016-11-22T16:00:40+00:00\",\"dateModified\":\"2025-09-11T11:25:28+00:00\",\"description\":\"Residencia de ancianos en M\u00e1laga | Centro residencial Almudena. Residencia geri\u00e1trica con instalaciones adaptadas a la vida de las personas mayores.\",\"breadcrumb\":{\"@id\":\"https:\/\/www.centroresidencialalmudena.com\/blog\/residencia-de-ancianos-en-malaga-lujo\/#breadcrumb\"},\"inLanguage\":\"es\",\"potentialAction\":[{\"@type\":\"ReadAction\",\"target\":[\"https:\/\/www.centroresidencialalmudena.com\/blog\/residencia-de-ancianos-en-malaga-lujo\/\"]}]},{\"@type\":\"ImageObject\",\"inLanguage\":\"es\",\"@id\":\"https:\/\/www.centroresidencialalmudena.com\/blog\/residencia-de-ancianos-en-malaga-lujo\/#primaryimage\",\"url\":\"https:\/\/www.centroresidencialalmudena.com\/blog\/wp-content\/uploads\/2016\/11\/residencia-geriatrica-malaga.jpg\",\"contentUrl\":\"https:\/\/www.centroresidencialalmudena.com\/blog\/wp-content\/uploads\/2016\/11\/residencia-geriatrica-malaga.jpg\",\"width\":450,\"height\":300,\"caption\":\"ba\u00f1o adaptado a ancianos\"},{\"@type\":\"BreadcrumbList\",\"@id\":\"https:\/\/www.centroresidencialalmudena.com\/blog\/residencia-de-ancianos-en-malaga-lujo\/#breadcrumb\",\"itemListElement\":[{\"@type\":\"ListItem\",\"position\":1,\"name\":\"Portada\",\"item\":\"https:\/\/www.centroresidencialalmudena.com\/blog\/\"},{\"@type\":\"ListItem\",\"position\":2,\"name\":\"Residencia de ancianos de lujo en M\u00e1laga con m\u00faltiples servicios\"}]},{\"@type\":\"WebSite\",\"@id\":\"https:\/\/www.centroresidencialalmudena.com\/blog\/#website\",\"url\":\"https:\/\/www.centroresidencialalmudena.com\/blog\/\",\"name\":\"Centro Residencial Almudena\",\"description\":\"Residencia geri\u00e1trica de ancianos en M\u00e1laga\",\"publisher\":{\"@id\":\"https:\/\/www.centroresidencialalmudena.com\/blog\/#organization\"},\"potentialAction\":[{\"@type\":\"SearchAction\",\"target\":{\"@type\":\"EntryPoint\",\"urlTemplate\":\"https:\/\/www.centroresidencialalmudena.com\/blog\/?s={search_term_string}\"},\"query-input\":{\"@type\":\"PropertyValueSpecification\",\"valueRequired\":true,\"valueName\":\"search_term_string\"}}],\"inLanguage\":\"es\"},{\"@type\":\"Organization\",\"@id\":\"https:\/\/www.centroresidencialalmudena.com\/blog\/#organization\",\"name\":\"Centro Residencial Almudena\",\"url\":\"https:\/\/www.centroresidencialalmudena.com\/blog\/\",\"logo\":{\"@type\":\"ImageObject\",\"inLanguage\":\"es\",\"@id\":\"https:\/\/www.centroresidencialalmudena.com\/blog\/#\/schema\/logo\/image\/\",\"url\":\"https:\/\/www.centroresidencialalmudena.com\/blog\/wp-content\/uploads\/2018\/03\/logo-e1538641655851.png\",\"contentUrl\":\"https:\/\/www.centroresidencialalmudena.com\/blog\/wp-content\/uploads\/2018\/03\/logo-e1538641655851.png\",\"width\":194,\"height\":75,\"caption\":\"Centro Residencial Almudena\"},\"image\":{\"@id\":\"https:\/\/www.centroresidencialalmudena.com\/blog\/#\/schema\/logo\/image\/\"},\"sameAs\":[\"https:\/\/www.facebook.com\/people\/Centro-Residencial-Almudena\/100057477459209\/?ref=page_internal\"]},{\"@type\":\"Person\",\"@id\":\"https:\/\/www.centroresidencialalmudena.com\/blog\/#\/schema\/person\/59ebdfaaedc0f38c0d6362d04c5a69d1\",\"name\":\"Administrador\",\"image\":{\"@type\":\"ImageObject\",\"inLanguage\":\"es\",\"@id\":\"https:\/\/www.centroresidencialalmudena.com\/blog\/#\/schema\/person\/image\/\",\"url\":\"https:\/\/secure.gravatar.com\/avatar\/4759c6ee8a28a6fac9426b0dbdcc93d7?s=96&d=mm&r=g\",\"contentUrl\":\"https:\/\/secure.gravatar.com\/avatar\/4759c6ee8a28a6fac9426b0dbdcc93d7?s=96&d=mm&r=g\",\"caption\":\"Administrador\"}}]}<\/script>\n<!-- \/ Yoast SEO plugin. -->","yoast_head_json":{"title":"Cuidados e instalaciones de lujo en residencia de ancianos","description":"Residencia de ancianos en M\u00e1laga | Centro residencial Almudena. Residencia geri\u00e1trica con instalaciones adaptadas a la vida de las personas mayores.","robots":{"index":"index","follow":"follow","max-snippet":"max-snippet:-1","max-image-preview":"max-image-preview:large","max-video-preview":"max-video-preview:-1"},"canonical":"https:\/\/www.centroresidencialalmudena.com\/blog\/residencia-de-ancianos-en-malaga-lujo\/","og_locale":"es_ES","og_type":"article","og_title":"Cuidados e instalaciones de lujo en residencia de ancianos","og_description":"Residencia de ancianos en M\u00e1laga | Centro residencial Almudena. Residencia geri\u00e1trica con instalaciones adaptadas a la vida de las personas mayores.","og_url":"https:\/\/www.centroresidencialalmudena.com\/blog\/residencia-de-ancianos-en-malaga-lujo\/","og_site_name":"Blog de Centro Residencial Almudena","article_publisher":"https:\/\/www.facebook.com\/people\/Centro-Residencial-Almudena\/100057477459209\/?ref=page_internal","article_published_time":"2016-11-22T16:00:40+00:00","article_modified_time":"2025-09-11T11:25:28+00:00","og_image":[{"width":450,"height":300,"url":"https:\/\/www.centroresidencialalmudena.com\/blog\/wp-content\/uploads\/2016\/11\/residencia-geriatrica-malaga.jpg","type":"image\/jpeg"}],"author":"Administrador","twitter_card":"summary_large_image","twitter_misc":{"Escrito por":"Administrador","Tiempo de lectura":"4 minutos"},"schema":{"@context":"https:\/\/schema.org","@graph":[{"@type":"Article","@id":"https:\/\/www.centroresidencialalmudena.com\/blog\/residencia-de-ancianos-en-malaga-lujo\/#article","isPartOf":{"@id":"https:\/\/www.centroresidencialalmudena.com\/blog\/residencia-de-ancianos-en-malaga-lujo\/"},"author":{"name":"Administrador","@id":"https:\/\/www.centroresidencialalmudena.com\/blog\/#\/schema\/person\/59ebdfaaedc0f38c0d6362d04c5a69d1"},"headline":"Residencia de ancianos de lujo en M\u00e1laga con m\u00faltiples servicios","datePublished":"2016-11-22T16:00:40+00:00","dateModified":"2025-09-11T11:25:28+00:00","mainEntityOfPage":{"@id":"https:\/\/www.centroresidencialalmudena.com\/blog\/residencia-de-ancianos-en-malaga-lujo\/"},"wordCount":727,"publisher":{"@id":"https:\/\/www.centroresidencialalmudena.com\/blog\/#organization"},"image":{"@id":"https:\/\/www.centroresidencialalmudena.com\/blog\/residencia-de-ancianos-en-malaga-lujo\/#primaryimage"},"thumbnailUrl":"https:\/\/www.centroresidencialalmudena.com\/blog\/wp-content\/uploads\/2016\/11\/residencia-geriatrica-malaga.jpg","articleSection":["Otros"],"inLanguage":"es"},{"@type":"WebPage","@id":"https:\/\/www.centroresidencialalmudena.com\/blog\/residencia-de-ancianos-en-malaga-lujo\/","url":"https:\/\/www.centroresidencialalmudena.com\/blog\/residencia-de-ancianos-en-malaga-lujo\/","name":"Cuidados e instalaciones de lujo en residencia de ancianos","isPartOf":{"@id":"https:\/\/www.centroresidencialalmudena.com\/blog\/#website"},"primaryImageOfPage":{"@id":"https:\/\/www.centroresidencialalmudena.com\/blog\/residencia-de-ancianos-en-malaga-lujo\/#primaryimage"},"image":{"@id":"https:\/\/www.centroresidencialalmudena.com\/blog\/residencia-de-ancianos-en-malaga-lujo\/#primaryimage"},"thumbnailUrl":"https:\/\/www.centroresidencialalmudena.com\/blog\/wp-content\/uploads\/2016\/11\/residencia-geriatrica-malaga.jpg","datePublished":"2016-11-22T16:00:40+00:00","dateModified":"2025-09-11T11:25:28+00:00","description":"Residencia de ancianos en M\u00e1laga | Centro residencial Almudena. Residencia geri\u00e1trica con instalaciones adaptadas a la vida de las personas mayores.","breadcrumb":{"@id":"https:\/\/www.centroresidencialalmudena.com\/blog\/residencia-de-ancianos-en-malaga-lujo\/#breadcrumb"},"inLanguage":"es","potentialAction":[{"@type":"ReadAction","target":["https:\/\/www.centroresidencialalmudena.com\/blog\/residencia-de-ancianos-en-malaga-lujo\/"]}]},{"@type":"ImageObject","inLanguage":"es","@id":"https:\/\/www.centroresidencialalmudena.com\/blog\/residencia-de-ancianos-en-malaga-lujo\/#primaryimage","url":"https:\/\/www.centroresidencialalmudena.com\/blog\/wp-content\/uploads\/2016\/11\/residencia-geriatrica-malaga.jpg","contentUrl":"https:\/\/www.centroresidencialalmudena.com\/blog\/wp-content\/uploads\/2016\/11\/residencia-geriatrica-malaga.jpg","width":450,"height":300,"caption":"ba\u00f1o adaptado a ancianos"},{"@type":"BreadcrumbList","@id":"https:\/\/www.centroresidencialalmudena.com\/blog\/residencia-de-ancianos-en-malaga-lujo\/#breadcrumb","itemListElement":[{"@type":"ListItem","position":1,"name":"Portada","item":"https:\/\/www.centroresidencialalmudena.com\/blog\/"},{"@type":"ListItem","position":2,"name":"Residencia de ancianos de lujo en M\u00e1laga con m\u00faltiples servicios"}]},{"@type":"WebSite","@id":"https:\/\/www.centroresidencialalmudena.com\/blog\/#website","url":"https:\/\/www.centroresidencialalmudena.com\/blog\/","name":"Centro Residencial Almudena","description":"Residencia geri\u00e1trica de ancianos en M\u00e1laga","publisher":{"@id":"https:\/\/www.centroresidencialalmudena.com\/blog\/#organization"},"potentialAction":[{"@type":"SearchAction","target":{"@type":"EntryPoint","urlTemplate":"https:\/\/www.centroresidencialalmudena.com\/blog\/?s={search_term_string}"},"query-input":{"@type":"PropertyValueSpecification","valueRequired":true,"valueName":"search_term_string"}}],"inLanguage":"es"},{"@type":"Organization","@id":"https:\/\/www.centroresidencialalmudena.com\/blog\/#organization","name":"Centro Residencial Almudena","url":"https:\/\/www.centroresidencialalmudena.com\/blog\/","logo":{"@type":"ImageObject","inLanguage":"es","@id":"https:\/\/www.centroresidencialalmudena.com\/blog\/#\/schema\/logo\/image\/","url":"https:\/\/www.centroresidencialalmudena.com\/blog\/wp-content\/uploads\/2018\/03\/logo-e1538641655851.png","contentUrl":"https:\/\/www.centroresidencialalmudena.com\/blog\/wp-content\/uploads\/2018\/03\/logo-e1538641655851.png","width":194,"height":75,"caption":"Centro Residencial Almudena"},"image":{"@id":"https:\/\/www.centroresidencialalmudena.com\/blog\/#\/schema\/logo\/image\/"},"sameAs":["https:\/\/www.facebook.com\/people\/Centro-Residencial-Almudena\/100057477459209\/?ref=page_internal"]},{"@type":"Person","@id":"https:\/\/www.centroresidencialalmudena.com\/blog\/#\/schema\/person\/59ebdfaaedc0f38c0d6362d04c5a69d1","name":"Administrador","image":{"@type":"ImageObject","inLanguage":"es","@id":"https:\/\/www.centroresidencialalmudena.com\/blog\/#\/schema\/person\/image\/","url":"https:\/\/secure.gravatar.com\/avatar\/4759c6ee8a28a6fac9426b0dbdcc93d7?s=96&d=mm&r=g","contentUrl":"https:\/\/secure.gravatar.com\/avatar\/4759c6ee8a28a6fac9426b0dbdcc93d7?s=96&d=mm&r=g","caption":"Administrador"}}]}},"jetpack_sharing_enabled":true,"jetpack_featured_media_url":"https:\/\/www.centroresidencialalmudena.com\/blog\/wp-content\/uploads\/2016\/11\/residencia-geriatrica-malaga.jpg","jetpack_shortlink":"https:\/\/wp.me\/paklrn-z","_links":{"self":[{"href":"https:\/\/www.centroresidencialalmudena.com\/blog\/wp-json\/wp\/v2\/posts\/35"}],"collection":[{"href":"https:\/\/www.centroresidencialalmudena.com\/blog\/wp-json\/wp\/v2\/posts"}],"about":[{"href":"https:\/\/www.centroresidencialalmudena.com\/blog\/wp-json\/wp\/v2\/types\/post"}],"author":[{"embeddable":true,"href":"https:\/\/www.centroresidencialalmudena.com\/blog\/wp-json\/wp\/v2\/users\/1"}],"replies":[{"embeddable":true,"href":"https:\/\/www.centroresidencialalmudena.com\/blog\/wp-json\/wp\/v2\/comments?post=35"}],"version-history":[{"count":11,"href":"https:\/\/www.centroresidencialalmudena.com\/blog\/wp-json\/wp\/v2\/posts\/35\/revisions"}],"predecessor-version":[{"id":513,"href":"https:\/\/www.centroresidencialalmudena.com\/blog\/wp-json\/wp\/v2\/posts\/35\/revisions\/513"}],"wp:featuredmedia":[{"embeddable":true,"href":"https:\/\/www.centroresidencialalmudena.com\/blog\/wp-json\/wp\/v2\/media\/36"}],"wp:attachment":[{"href":"https:\/\/www.centroresidencialalmudena.com\/blog\/wp-json\/wp\/v2\/media?parent=35"}],"wp:term":[{"taxonomy":"category","embeddable":true,"href":"https:\/\/www.centroresidencialalmudena.com\/blog\/wp-json\/wp\/v2\/categories?post=35"},{"taxonomy":"post_tag","embeddable":true,"href":"https:\/\/www.centroresidencialalmudena.com\/blog\/wp-json\/wp\/v2\/tags?post=35"}],"curies":[{"name":"wp","href":"https:\/\/api.w.org\/{rel}","templated":true}]}}