{"id":438,"date":"2021-03-12T13:32:07","date_gmt":"2021-03-12T13:32:07","guid":{"rendered":"https:\/\/www.centroresidencialalmudena.com\/blog\/?p=438"},"modified":"2023-01-24T09:20:20","modified_gmt":"2023-01-24T09:20:20","slug":"centro-residencial-almudena-mejores-residencias-malaga","status":"publish","type":"post","link":"https:\/\/www.centroresidencialalmudena.com\/blog\/centro-residencial-almudena-mejores-residencias-malaga\/","title":{"rendered":"Centro Residencia Almudena recomendada como una de las mejores residencias de M\u00e1laga"},"content":{"rendered":"\n<p><strong><a href=\"https:\/\/www.centroresidencialalmudena.com\/\">Centro Residencia Almudena<\/a> ha sido recomendada por el portal especializado en residencia para mayores<\/strong>, MiResi, la mayor red de residencia de calidad de Espa\u00f1a, ha incluido al Centro Residencial Almudena&nbsp;como <strong>una de las mejores residencias para personas mayores de M\u00e1laga<\/strong> de entre toda la oferta residencial, puedes vernos en el portal MiResi.<\/p>\n\n\n\n<p><strong>El portal destaca la gran calidad de nuestros servicios e instalaciones<\/strong> como algunos de nuestros principales puntos fuertes. A los que se unen el fomento del contacto de los residentes con sus familias, as\u00ed como el dinamismo del centro para acompa\u00f1ar a las personas mayores en sus proyectos de vida.<\/p>\n","protected":false},"excerpt":{"rendered":"<p>Centro Residencia Almudena ha sido recomendada por el portal especializado en residencia para mayores, MiResi, la mayor red de residencia &#8230; <\/p>\n<p class=\"read-more-container\"><a title=\"Centro Residencia Almudena recomendada como una de las mejores residencias de M\u00e1laga\" class=\"read-more button\" href=\"https:\/\/www.centroresidencialalmudena.com\/blog\/centro-residencial-almudena-mejores-residencias-malaga\/#more-438\">Leer m\u00e1s<span class=\"screen-reader-text\">Centro Residencia Almudena recomendada como una de las mejores residencias de M\u00e1laga<\/span><\/a><\/p>\n","protected":false},"author":1,"featured_media":305,"comment_status":"closed","ping_status":"closed","sticky":false,"template":"","format":"standard","meta":{"_jetpack_memberships_contains_paid_content":false,"footnotes":""},"categories":[1],"tags":[],"class_list":["post-438","post","type-post","status-publish","format-standard","has-post-thumbnail","hentry","category-salud-mental","generate-columns","tablet-grid-50","mobile-grid-100","grid-parent","grid-50"],"yoast_head":"<!-- This site is optimized with the Yoast SEO plugin v23.5 - https:\/\/yoast.com\/wordpress\/plugins\/seo\/ -->\n<title>Centro Residencia Almudena recomendada como una de las mejores residencias de M\u00e1laga<\/title>\n<meta name=\"description\" content=\"nuestro centro residencial Almudena, especializado en Alzheimer, es recomendad como una de las mejores residencias de M\u00e1laga. \u00a1Cont\u00e1ctenos ya para m\u00e1s informaci\u00f3n!\" \/>\n<meta name=\"robots\" content=\"noindex, follow\" \/>\n<meta property=\"og:locale\" content=\"es_ES\" \/>\n<meta property=\"og:type\" content=\"article\" \/>\n<meta property=\"og:title\" content=\"Centro Residencia Almudena recomendada como una de las mejores residencias de M\u00e1laga\" \/>\n<meta property=\"og:description\" content=\"nuestro centro residencial Almudena, especializado en Alzheimer, es recomendad como una de las mejores residencias de M\u00e1laga. \u00a1Cont\u00e1ctenos ya para m\u00e1s informaci\u00f3n!\" \/>\n<meta property=\"og:url\" content=\"https:\/\/www.centroresidencialalmudena.com\/blog\/centro-residencial-almudena-mejores-residencias-malaga\/\" \/>\n<meta property=\"og:site_name\" content=\"Blog de Centro Residencial Almudena\" \/>\n<meta property=\"article:publisher\" content=\"https:\/\/www.facebook.com\/people\/Centro-Residencial-Almudena\/100057477459209\/?ref=page_internal\" \/>\n<meta property=\"article:published_time\" content=\"2021-03-12T13:32:07+00:00\" \/>\n<meta property=\"article:modified_time\" content=\"2023-01-24T09:20:20+00:00\" \/>\n<meta property=\"og:image\" content=\"https:\/\/www.centroresidencialalmudena.com\/blog\/wp-content\/uploads\/2018\/03\/logo-e1538641655851.png\" \/>\n\t<meta property=\"og:image:width\" content=\"194\" \/>\n\t<meta property=\"og:image:height\" content=\"75\" \/>\n\t<meta property=\"og:image:type\" content=\"image\/png\" \/>\n<meta name=\"author\" content=\"Administrador\" \/>\n<meta name=\"twitter:card\" content=\"summary_large_image\" \/>\n<meta name=\"twitter:label1\" content=\"Escrito por\" \/>\n\t<meta name=\"twitter:data1\" content=\"Administrador\" \/>\n\t<meta name=\"twitter:label2\" content=\"Tiempo de lectura\" \/>\n\t<meta name=\"twitter:data2\" content=\"1 minuto\" \/>\n<script type=\"application\/ld+json\" class=\"yoast-schema-graph\">{\"@context\":\"https:\/\/schema.org\",\"@graph\":[{\"@type\":\"Article\",\"@id\":\"https:\/\/www.centroresidencialalmudena.com\/blog\/centro-residencial-almudena-mejores-residencias-malaga\/#article\",\"isPartOf\":{\"@id\":\"https:\/\/www.centroresidencialalmudena.com\/blog\/centro-residencial-almudena-mejores-residencias-malaga\/\"},\"author\":{\"name\":\"Administrador\",\"@id\":\"https:\/\/www.centroresidencialalmudena.com\/blog\/#\/schema\/person\/59ebdfaaedc0f38c0d6362d04c5a69d1\"},\"headline\":\"Centro Residencia Almudena recomendada como una de las mejores residencias de M\u00e1laga\",\"datePublished\":\"2021-03-12T13:32:07+00:00\",\"dateModified\":\"2023-01-24T09:20:20+00:00\",\"mainEntityOfPage\":{\"@id\":\"https:\/\/www.centroresidencialalmudena.com\/blog\/centro-residencial-almudena-mejores-residencias-malaga\/\"},\"wordCount\":120,\"publisher\":{\"@id\":\"https:\/\/www.centroresidencialalmudena.com\/blog\/#organization\"},\"image\":{\"@id\":\"https:\/\/www.centroresidencialalmudena.com\/blog\/centro-residencial-almudena-mejores-residencias-malaga\/#primaryimage\"},\"thumbnailUrl\":\"https:\/\/www.centroresidencialalmudena.com\/blog\/wp-content\/uploads\/2018\/03\/logo-e1538641655851.png\",\"articleSection\":[\"Salud Mental\"],\"inLanguage\":\"es\"},{\"@type\":\"WebPage\",\"@id\":\"https:\/\/www.centroresidencialalmudena.com\/blog\/centro-residencial-almudena-mejores-residencias-malaga\/\",\"url\":\"https:\/\/www.centroresidencialalmudena.com\/blog\/centro-residencial-almudena-mejores-residencias-malaga\/\",\"name\":\"Centro Residencia Almudena recomendada como una de las mejores residencias de M\u00e1laga\",\"isPartOf\":{\"@id\":\"https:\/\/www.centroresidencialalmudena.com\/blog\/#website\"},\"primaryImageOfPage\":{\"@id\":\"https:\/\/www.centroresidencialalmudena.com\/blog\/centro-residencial-almudena-mejores-residencias-malaga\/#primaryimage\"},\"image\":{\"@id\":\"https:\/\/www.centroresidencialalmudena.com\/blog\/centro-residencial-almudena-mejores-residencias-malaga\/#primaryimage\"},\"thumbnailUrl\":\"https:\/\/www.centroresidencialalmudena.com\/blog\/wp-content\/uploads\/2018\/03\/logo-e1538641655851.png\",\"datePublished\":\"2021-03-12T13:32:07+00:00\",\"dateModified\":\"2023-01-24T09:20:20+00:00\",\"description\":\"nuestro centro residencial Almudena, especializado en Alzheimer, es recomendad como una de las mejores residencias de M\u00e1laga. \u00a1Cont\u00e1ctenos ya para m\u00e1s informaci\u00f3n!\",\"breadcrumb\":{\"@id\":\"https:\/\/www.centroresidencialalmudena.com\/blog\/centro-residencial-almudena-mejores-residencias-malaga\/#breadcrumb\"},\"inLanguage\":\"es\",\"potentialAction\":[{\"@type\":\"ReadAction\",\"target\":[\"https:\/\/www.centroresidencialalmudena.com\/blog\/centro-residencial-almudena-mejores-residencias-malaga\/\"]}]},{\"@type\":\"ImageObject\",\"inLanguage\":\"es\",\"@id\":\"https:\/\/www.centroresidencialalmudena.com\/blog\/centro-residencial-almudena-mejores-residencias-malaga\/#primaryimage\",\"url\":\"https:\/\/www.centroresidencialalmudena.com\/blog\/wp-content\/uploads\/2018\/03\/logo-e1538641655851.png\",\"contentUrl\":\"https:\/\/www.centroresidencialalmudena.com\/blog\/wp-content\/uploads\/2018\/03\/logo-e1538641655851.png\",\"width\":194,\"height\":75,\"caption\":\"Centro residencial Almudena\"},{\"@type\":\"BreadcrumbList\",\"@id\":\"https:\/\/www.centroresidencialalmudena.com\/blog\/centro-residencial-almudena-mejores-residencias-malaga\/#breadcrumb\",\"itemListElement\":[{\"@type\":\"ListItem\",\"position\":1,\"name\":\"Portada\",\"item\":\"https:\/\/www.centroresidencialalmudena.com\/blog\/\"},{\"@type\":\"ListItem\",\"position\":2,\"name\":\"Centro Residencia Almudena recomendada como una de las mejores residencias de M\u00e1laga\"}]},{\"@type\":\"WebSite\",\"@id\":\"https:\/\/www.centroresidencialalmudena.com\/blog\/#website\",\"url\":\"https:\/\/www.centroresidencialalmudena.com\/blog\/\",\"name\":\"Centro Residencial Almudena\",\"description\":\"Residencia geri\u00e1trica de ancianos en M\u00e1laga\",\"publisher\":{\"@id\":\"https:\/\/www.centroresidencialalmudena.com\/blog\/#organization\"},\"potentialAction\":[{\"@type\":\"SearchAction\",\"target\":{\"@type\":\"EntryPoint\",\"urlTemplate\":\"https:\/\/www.centroresidencialalmudena.com\/blog\/?s={search_term_string}\"},\"query-input\":{\"@type\":\"PropertyValueSpecification\",\"valueRequired\":true,\"valueName\":\"search_term_string\"}}],\"inLanguage\":\"es\"},{\"@type\":\"Organization\",\"@id\":\"https:\/\/www.centroresidencialalmudena.com\/blog\/#organization\",\"name\":\"Centro Residencial Almudena\",\"url\":\"https:\/\/www.centroresidencialalmudena.com\/blog\/\",\"logo\":{\"@type\":\"ImageObject\",\"inLanguage\":\"es\",\"@id\":\"https:\/\/www.centroresidencialalmudena.com\/blog\/#\/schema\/logo\/image\/\",\"url\":\"https:\/\/www.centroresidencialalmudena.com\/blog\/wp-content\/uploads\/2018\/03\/logo-e1538641655851.png\",\"contentUrl\":\"https:\/\/www.centroresidencialalmudena.com\/blog\/wp-content\/uploads\/2018\/03\/logo-e1538641655851.png\",\"width\":194,\"height\":75,\"caption\":\"Centro Residencial Almudena\"},\"image\":{\"@id\":\"https:\/\/www.centroresidencialalmudena.com\/blog\/#\/schema\/logo\/image\/\"},\"sameAs\":[\"https:\/\/www.facebook.com\/people\/Centro-Residencial-Almudena\/100057477459209\/?ref=page_internal\"]},{\"@type\":\"Person\",\"@id\":\"https:\/\/www.centroresidencialalmudena.com\/blog\/#\/schema\/person\/59ebdfaaedc0f38c0d6362d04c5a69d1\",\"name\":\"Administrador\",\"image\":{\"@type\":\"ImageObject\",\"inLanguage\":\"es\",\"@id\":\"https:\/\/www.centroresidencialalmudena.com\/blog\/#\/schema\/person\/image\/\",\"url\":\"https:\/\/secure.gravatar.com\/avatar\/4759c6ee8a28a6fac9426b0dbdcc93d7?s=96&d=mm&r=g\",\"contentUrl\":\"https:\/\/secure.gravatar.com\/avatar\/4759c6ee8a28a6fac9426b0dbdcc93d7?s=96&d=mm&r=g\",\"caption\":\"Administrador\"}}]}<\/script>\n<!-- \/ Yoast SEO plugin. -->","yoast_head_json":{"title":"Centro Residencia Almudena recomendada como una de las mejores residencias de M\u00e1laga","description":"nuestro centro residencial Almudena, especializado en Alzheimer, es recomendad como una de las mejores residencias de M\u00e1laga. \u00a1Cont\u00e1ctenos ya para m\u00e1s informaci\u00f3n!","robots":{"index":"noindex","follow":"follow"},"og_locale":"es_ES","og_type":"article","og_title":"Centro Residencia Almudena recomendada como una de las mejores residencias de M\u00e1laga","og_description":"nuestro centro residencial Almudena, especializado en Alzheimer, es recomendad como una de las mejores residencias de M\u00e1laga. \u00a1Cont\u00e1ctenos ya para m\u00e1s informaci\u00f3n!","og_url":"https:\/\/www.centroresidencialalmudena.com\/blog\/centro-residencial-almudena-mejores-residencias-malaga\/","og_site_name":"Blog de Centro Residencial Almudena","article_publisher":"https:\/\/www.facebook.com\/people\/Centro-Residencial-Almudena\/100057477459209\/?ref=page_internal","article_published_time":"2021-03-12T13:32:07+00:00","article_modified_time":"2023-01-24T09:20:20+00:00","og_image":[{"width":194,"height":75,"url":"https:\/\/www.centroresidencialalmudena.com\/blog\/wp-content\/uploads\/2018\/03\/logo-e1538641655851.png","type":"image\/png"}],"author":"Administrador","twitter_card":"summary_large_image","twitter_misc":{"Escrito por":"Administrador","Tiempo de lectura":"1 minuto"},"schema":{"@context":"https:\/\/schema.org","@graph":[{"@type":"Article","@id":"https:\/\/www.centroresidencialalmudena.com\/blog\/centro-residencial-almudena-mejores-residencias-malaga\/#article","isPartOf":{"@id":"https:\/\/www.centroresidencialalmudena.com\/blog\/centro-residencial-almudena-mejores-residencias-malaga\/"},"author":{"name":"Administrador","@id":"https:\/\/www.centroresidencialalmudena.com\/blog\/#\/schema\/person\/59ebdfaaedc0f38c0d6362d04c5a69d1"},"headline":"Centro Residencia Almudena recomendada como una de las mejores residencias de M\u00e1laga","datePublished":"2021-03-12T13:32:07+00:00","dateModified":"2023-01-24T09:20:20+00:00","mainEntityOfPage":{"@id":"https:\/\/www.centroresidencialalmudena.com\/blog\/centro-residencial-almudena-mejores-residencias-malaga\/"},"wordCount":120,"publisher":{"@id":"https:\/\/www.centroresidencialalmudena.com\/blog\/#organization"},"image":{"@id":"https:\/\/www.centroresidencialalmudena.com\/blog\/centro-residencial-almudena-mejores-residencias-malaga\/#primaryimage"},"thumbnailUrl":"https:\/\/www.centroresidencialalmudena.com\/blog\/wp-content\/uploads\/2018\/03\/logo-e1538641655851.png","articleSection":["Salud Mental"],"inLanguage":"es"},{"@type":"WebPage","@id":"https:\/\/www.centroresidencialalmudena.com\/blog\/centro-residencial-almudena-mejores-residencias-malaga\/","url":"https:\/\/www.centroresidencialalmudena.com\/blog\/centro-residencial-almudena-mejores-residencias-malaga\/","name":"Centro Residencia Almudena recomendada como una de las mejores residencias de M\u00e1laga","isPartOf":{"@id":"https:\/\/www.centroresidencialalmudena.com\/blog\/#website"},"primaryImageOfPage":{"@id":"https:\/\/www.centroresidencialalmudena.com\/blog\/centro-residencial-almudena-mejores-residencias-malaga\/#primaryimage"},"image":{"@id":"https:\/\/www.centroresidencialalmudena.com\/blog\/centro-residencial-almudena-mejores-residencias-malaga\/#primaryimage"},"thumbnailUrl":"https:\/\/www.centroresidencialalmudena.com\/blog\/wp-content\/uploads\/2018\/03\/logo-e1538641655851.png","datePublished":"2021-03-12T13:32:07+00:00","dateModified":"2023-01-24T09:20:20+00:00","description":"nuestro centro residencial Almudena, especializado en Alzheimer, es recomendad como una de las mejores residencias de M\u00e1laga. \u00a1Cont\u00e1ctenos ya para m\u00e1s informaci\u00f3n!","breadcrumb":{"@id":"https:\/\/www.centroresidencialalmudena.com\/blog\/centro-residencial-almudena-mejores-residencias-malaga\/#breadcrumb"},"inLanguage":"es","potentialAction":[{"@type":"ReadAction","target":["https:\/\/www.centroresidencialalmudena.com\/blog\/centro-residencial-almudena-mejores-residencias-malaga\/"]}]},{"@type":"ImageObject","inLanguage":"es","@id":"https:\/\/www.centroresidencialalmudena.com\/blog\/centro-residencial-almudena-mejores-residencias-malaga\/#primaryimage","url":"https:\/\/www.centroresidencialalmudena.com\/blog\/wp-content\/uploads\/2018\/03\/logo-e1538641655851.png","contentUrl":"https:\/\/www.centroresidencialalmudena.com\/blog\/wp-content\/uploads\/2018\/03\/logo-e1538641655851.png","width":194,"height":75,"caption":"Centro residencial Almudena"},{"@type":"BreadcrumbList","@id":"https:\/\/www.centroresidencialalmudena.com\/blog\/centro-residencial-almudena-mejores-residencias-malaga\/#breadcrumb","itemListElement":[{"@type":"ListItem","position":1,"name":"Portada","item":"https:\/\/www.centroresidencialalmudena.com\/blog\/"},{"@type":"ListItem","position":2,"name":"Centro Residencia Almudena recomendada como una de las mejores residencias de M\u00e1laga"}]},{"@type":"WebSite","@id":"https:\/\/www.centroresidencialalmudena.com\/blog\/#website","url":"https:\/\/www.centroresidencialalmudena.com\/blog\/","name":"Centro Residencial Almudena","description":"Residencia geri\u00e1trica de ancianos en M\u00e1laga","publisher":{"@id":"https:\/\/www.centroresidencialalmudena.com\/blog\/#organization"},"potentialAction":[{"@type":"SearchAction","target":{"@type":"EntryPoint","urlTemplate":"https:\/\/www.centroresidencialalmudena.com\/blog\/?s={search_term_string}"},"query-input":{"@type":"PropertyValueSpecification","valueRequired":true,"valueName":"search_term_string"}}],"inLanguage":"es"},{"@type":"Organization","@id":"https:\/\/www.centroresidencialalmudena.com\/blog\/#organization","name":"Centro Residencial Almudena","url":"https:\/\/www.centroresidencialalmudena.com\/blog\/","logo":{"@type":"ImageObject","inLanguage":"es","@id":"https:\/\/www.centroresidencialalmudena.com\/blog\/#\/schema\/logo\/image\/","url":"https:\/\/www.centroresidencialalmudena.com\/blog\/wp-content\/uploads\/2018\/03\/logo-e1538641655851.png","contentUrl":"https:\/\/www.centroresidencialalmudena.com\/blog\/wp-content\/uploads\/2018\/03\/logo-e1538641655851.png","width":194,"height":75,"caption":"Centro Residencial Almudena"},"image":{"@id":"https:\/\/www.centroresidencialalmudena.com\/blog\/#\/schema\/logo\/image\/"},"sameAs":["https:\/\/www.facebook.com\/people\/Centro-Residencial-Almudena\/100057477459209\/?ref=page_internal"]},{"@type":"Person","@id":"https:\/\/www.centroresidencialalmudena.com\/blog\/#\/schema\/person\/59ebdfaaedc0f38c0d6362d04c5a69d1","name":"Administrador","image":{"@type":"ImageObject","inLanguage":"es","@id":"https:\/\/www.centroresidencialalmudena.com\/blog\/#\/schema\/person\/image\/","url":"https:\/\/secure.gravatar.com\/avatar\/4759c6ee8a28a6fac9426b0dbdcc93d7?s=96&d=mm&r=g","contentUrl":"https:\/\/secure.gravatar.com\/avatar\/4759c6ee8a28a6fac9426b0dbdcc93d7?s=96&d=mm&r=g","caption":"Administrador"}}]}},"jetpack_sharing_enabled":true,"jetpack_featured_media_url":"https:\/\/www.centroresidencialalmudena.com\/blog\/wp-content\/uploads\/2018\/03\/logo-e1538641655851.png","jetpack_shortlink":"https:\/\/wp.me\/paklrn-74","_links":{"self":[{"href":"https:\/\/www.centroresidencialalmudena.com\/blog\/wp-json\/wp\/v2\/posts\/438"}],"collection":[{"href":"https:\/\/www.centroresidencialalmudena.com\/blog\/wp-json\/wp\/v2\/posts"}],"about":[{"href":"https:\/\/www.centroresidencialalmudena.com\/blog\/wp-json\/wp\/v2\/types\/post"}],"author":[{"embeddable":true,"href":"https:\/\/www.centroresidencialalmudena.com\/blog\/wp-json\/wp\/v2\/users\/1"}],"replies":[{"embeddable":true,"href":"https:\/\/www.centroresidencialalmudena.com\/blog\/wp-json\/wp\/v2\/comments?post=438"}],"version-history":[{"count":5,"href":"https:\/\/www.centroresidencialalmudena.com\/blog\/wp-json\/wp\/v2\/posts\/438\/revisions"}],"predecessor-version":[{"id":466,"href":"https:\/\/www.centroresidencialalmudena.com\/blog\/wp-json\/wp\/v2\/posts\/438\/revisions\/466"}],"wp:featuredmedia":[{"embeddable":true,"href":"https:\/\/www.centroresidencialalmudena.com\/blog\/wp-json\/wp\/v2\/media\/305"}],"wp:attachment":[{"href":"https:\/\/www.centroresidencialalmudena.com\/blog\/wp-json\/wp\/v2\/media?parent=438"}],"wp:term":[{"taxonomy":"category","embeddable":true,"href":"https:\/\/www.centroresidencialalmudena.com\/blog\/wp-json\/wp\/v2\/categories?post=438"},{"taxonomy":"post_tag","embeddable":true,"href":"https:\/\/www.centroresidencialalmudena.com\/blog\/wp-json\/wp\/v2\/tags?post=438"}],"curies":[{"name":"wp","href":"https:\/\/api.w.org\/{rel}","templated":true}]}}